{"id":6656,"date":"2024-09-23T11:12:53","date_gmt":"2024-09-23T11:12:53","guid":{"rendered":"https:\/\/iessobrarbe.catedu.es\/?p=6656"},"modified":"2024-09-23T11:12:53","modified_gmt":"2024-09-23T11:12:53","slug":"reuniones-inicio-de-curso-tutores-as-familias","status":"publish","type":"post","link":"https:\/\/iessobrarbe.catedu.es\/?p=6656","title":{"rendered":"Reuniones Inicio de Curso Tutores\/as-Familias"},"content":{"rendered":"\n<p>La pr\u00f3xima semana se van a celebrar, de manera&nbsp;<strong>presencial<\/strong>, las reuniones de inicio de curso entre tutores y&nbsp;familias. El tutor\/a dar\u00e1 a&nbsp;&nbsp;conocer la organizaci\u00f3n y funcionamiento del curso 2024-25 en el IES Sobrarbe. El tutor\/a de cada grupo ser\u00e1 el&nbsp; referente principal de las&nbsp;familias&nbsp;en el centro y se encargar\u00e1 de coordinar la informaci\u00f3n acad\u00e9mica y personal entre las&nbsp;familias&nbsp;y el equipo de docentes que da clase a vuestros hijos.&nbsp;<\/p>\n\n\n\n<p>Las reuniones ser\u00e1n en el aula de cada grupo, con el siguiente horario:&nbsp;<\/p>\n\n\n\n<p><strong>\u00a0Martes, 1 de octubre &#8211;\u00a0 \u00a01\u00ba , 2\u00ba ESO  y 2\u00ba Bachillerato HCS a las 17:30h\u00a0 \u00a0 \u00a0 \u00a0 \u00a0<\/strong><\/p>\n\n\n\n<p><strong>\u00a0Mi\u00e9rcoles, 2 de octubre &#8211;\u00a0 3\u00ba y 4\u00ba ESO a las 17:30h\u00a0 \u00a0\u00a0<\/strong><\/p>\n\n\n\n<p> <strong>Jueves, 3 de octubre\u00a0 &#8211;\u00a0 \u00a01\u00ba Bachillerato HCS, CyT y 2\u00ba Bachillerato CyT  a las 17:30h<\/strong><\/p>\n\n\n\n<p>Las familias recibir\u00e1n pr\u00f3ximamente un correo electr\u00f3nico con la convocatoria de reuni\u00f3n.<\/p>\n\n\n\n<p><\/p>\n","protected":false},"excerpt":{"rendered":"<p>La pr\u00f3xima semana se van a celebrar, de manera&nbsp;presencial, las reuniones de inicio de curso entre tutores y&nbsp;familias. El tutor\/a dar\u00e1 a&nbsp;&nbsp;conocer la organizaci\u00f3n y funcionamiento del curso 2024-25 en el IES Sobrarbe. El tutor\/a de cada grupo ser\u00e1 el&nbsp; referente principal de las&nbsp;familias&nbsp;en el centro y se encargar\u00e1 de coordinar la informaci\u00f3n acad\u00e9mica y [&hellip;]<\/p>\n","protected":false},"author":1282,"featured_media":0,"comment_status":"closed","ping_status":"open","sticky":false,"template":"","format":"standard","meta":{"_uag_custom_page_level_css":"","_monsterinsights_skip_tracking":false,"_monsterinsights_sitenote_active":false,"_monsterinsights_sitenote_note":"","_monsterinsights_sitenote_category":0,"footnotes":""},"categories":[22],"tags":[],"class_list":["post-6656","post","type-post","status-publish","format-standard","hentry","category-inicio"],"uagb_featured_image_src":{"full":false,"thumbnail":false,"medium":false,"medium_large":false,"large":false,"1536x1536":false,"2048x2048":false},"uagb_author_info":{"display_name":"secretaria_iessobrarbe","author_link":"https:\/\/iessobrarbe.catedu.es\/?author=1282"},"uagb_comment_info":0,"uagb_excerpt":"La pr\u00f3xima semana se van a celebrar, de manera&nbsp;presencial, las reuniones de inicio de curso entre tutores y&nbsp;familias. El tutor\/a dar\u00e1 a&nbsp;&nbsp;conocer la organizaci\u00f3n y funcionamiento del curso 2024-25 en el IES Sobrarbe. El tutor\/a de cada grupo ser\u00e1 el&nbsp; referente principal de las&nbsp;familias&nbsp;en el centro y se encargar\u00e1 de coordinar la informaci\u00f3n acad\u00e9mica y&hellip;","_links":{"self":[{"href":"https:\/\/iessobrarbe.catedu.es\/index.php?rest_route=\/wp\/v2\/posts\/6656","targetHints":{"allow":["GET"]}}],"collection":[{"href":"https:\/\/iessobrarbe.catedu.es\/index.php?rest_route=\/wp\/v2\/posts"}],"about":[{"href":"https:\/\/iessobrarbe.catedu.es\/index.php?rest_route=\/wp\/v2\/types\/post"}],"author":[{"embeddable":true,"href":"https:\/\/iessobrarbe.catedu.es\/index.php?rest_route=\/wp\/v2\/users\/1282"}],"replies":[{"embeddable":true,"href":"https:\/\/iessobrarbe.catedu.es\/index.php?rest_route=%2Fwp%2Fv2%2Fcomments&post=6656"}],"version-history":[{"count":1,"href":"https:\/\/iessobrarbe.catedu.es\/index.php?rest_route=\/wp\/v2\/posts\/6656\/revisions"}],"predecessor-version":[{"id":6657,"href":"https:\/\/iessobrarbe.catedu.es\/index.php?rest_route=\/wp\/v2\/posts\/6656\/revisions\/6657"}],"wp:attachment":[{"href":"https:\/\/iessobrarbe.catedu.es\/index.php?rest_route=%2Fwp%2Fv2%2Fmedia&parent=6656"}],"wp:term":[{"taxonomy":"category","embeddable":true,"href":"https:\/\/iessobrarbe.catedu.es\/index.php?rest_route=%2Fwp%2Fv2%2Fcategories&post=6656"},{"taxonomy":"post_tag","embeddable":true,"href":"https:\/\/iessobrarbe.catedu.es\/index.php?rest_route=%2Fwp%2Fv2%2Ftags&post=6656"}],"curies":[{"name":"wp","href":"https:\/\/api.w.org\/{rel}","templated":true}]}}