{"id":5617,"date":"2023-02-09T13:10:00","date_gmt":"2023-02-09T13:10:00","guid":{"rendered":"https:\/\/iessobrarbe.catedu.es\/?p=5617"},"modified":"2023-02-09T13:10:00","modified_gmt":"2023-02-09T13:10:00","slug":"dia-de-la-paz","status":"publish","type":"post","link":"https:\/\/iessobrarbe.catedu.es\/?p=5617","title":{"rendered":"D\u00cdA DE LA PAZ"},"content":{"rendered":"\n<p class=\"has-vivid-green-cyan-color has-text-color has-medium-font-size\"><strong>D\u00eda de la PAZ<\/strong><\/p>\n\n\n\n<p>Para conmemorar el d\u00eda de la Paz (30 de enero), el equipo de convivencia en colaboraci\u00f3n con el alumnado del IES Sobrarbe, han elaborado unos murales que se encuentran expuestos en los pasillos del centro en los diferentes niveles de la ESO.&nbsp;<\/p>\n\n\n\n<p>Los lemas de los murales son los siguientes:<\/p>\n\n\n\n<figure class=\"wp-block-gallery has-nested-images columns-default is-cropped wp-block-gallery-1 is-layout-flex wp-block-gallery-is-layout-flex\">\n<figure class=\"wp-block-image size-large is-style-rounded\"><a href=\"https:\/\/iessobrarbe.catedu.es\/wp-content\/uploads\/sites\/289\/2023\/02\/IMG_20230207_102214-scaled.jpg\"><img loading=\"lazy\" decoding=\"async\" width=\"1024\" height=\"635\" data-id=\"5618\" src=\"https:\/\/iessobrarbe.catedu.es\/wp-content\/uploads\/sites\/289\/2023\/02\/IMG_20230207_102214-1024x635.jpg\" alt=\"\" class=\"wp-image-5618\" srcset=\"https:\/\/iessobrarbe.catedu.es\/wp-content\/uploads\/sites\/289\/2023\/02\/IMG_20230207_102214-1024x635.jpg 1024w, https:\/\/iessobrarbe.catedu.es\/wp-content\/uploads\/sites\/289\/2023\/02\/IMG_20230207_102214-300x186.jpg 300w, https:\/\/iessobrarbe.catedu.es\/wp-content\/uploads\/sites\/289\/2023\/02\/IMG_20230207_102214-768x477.jpg 768w, https:\/\/iessobrarbe.catedu.es\/wp-content\/uploads\/sites\/289\/2023\/02\/IMG_20230207_102214-1536x953.jpg 1536w, https:\/\/iessobrarbe.catedu.es\/wp-content\/uploads\/sites\/289\/2023\/02\/IMG_20230207_102214-2048x1271.jpg 2048w\" sizes=\"auto, (max-width: 1024px) 100vw, 1024px\" \/><\/a><figcaption class=\"wp-element-caption\">1\u00ba ESO: LA PAZ EST\u00c1 EN TUS MANOS<\/figcaption><\/figure>\n\n\n\n<figure class=\"wp-block-image size-large is-style-default\"><a href=\"https:\/\/iessobrarbe.catedu.es\/wp-content\/uploads\/sites\/289\/2023\/02\/IMG_20230207_102323-scaled.jpg\"><img loading=\"lazy\" decoding=\"async\" width=\"1024\" height=\"776\" data-id=\"5624\" src=\"https:\/\/iessobrarbe.catedu.es\/wp-content\/uploads\/sites\/289\/2023\/02\/IMG_20230207_102323-1024x776.jpg\" alt=\"\" class=\"wp-image-5624\" srcset=\"https:\/\/iessobrarbe.catedu.es\/wp-content\/uploads\/sites\/289\/2023\/02\/IMG_20230207_102323-1024x776.jpg 1024w, https:\/\/iessobrarbe.catedu.es\/wp-content\/uploads\/sites\/289\/2023\/02\/IMG_20230207_102323-300x227.jpg 300w, https:\/\/iessobrarbe.catedu.es\/wp-content\/uploads\/sites\/289\/2023\/02\/IMG_20230207_102323-768x582.jpg 768w, https:\/\/iessobrarbe.catedu.es\/wp-content\/uploads\/sites\/289\/2023\/02\/IMG_20230207_102323-1536x1163.jpg 1536w, https:\/\/iessobrarbe.catedu.es\/wp-content\/uploads\/sites\/289\/2023\/02\/IMG_20230207_102323-2048x1551.jpg 2048w\" sizes=\"auto, (max-width: 1024px) 100vw, 1024px\" \/><\/a><figcaption class=\"wp-element-caption\">3\u00ba ESO: CIERRA LOS OJOS Y PIENSA EN LA PAZ, \u00bfQU\u00c9 VES?<\/figcaption><\/figure>\n\n\n\n<figure class=\"wp-block-image size-large is-style-rounded\"><a href=\"https:\/\/iessobrarbe.catedu.es\/wp-content\/uploads\/sites\/289\/2023\/02\/IMG_20230207_101906-2-scaled.jpg\"><img loading=\"lazy\" decoding=\"async\" width=\"887\" height=\"1024\" data-id=\"5625\" src=\"https:\/\/iessobrarbe.catedu.es\/wp-content\/uploads\/sites\/289\/2023\/02\/IMG_20230207_101906-2-887x1024.jpg\" alt=\"\" class=\"wp-image-5625\" srcset=\"https:\/\/iessobrarbe.catedu.es\/wp-content\/uploads\/sites\/289\/2023\/02\/IMG_20230207_101906-2-887x1024.jpg 887w, https:\/\/iessobrarbe.catedu.es\/wp-content\/uploads\/sites\/289\/2023\/02\/IMG_20230207_101906-2-260x300.jpg 260w, https:\/\/iessobrarbe.catedu.es\/wp-content\/uploads\/sites\/289\/2023\/02\/IMG_20230207_101906-2-768x886.jpg 768w, https:\/\/iessobrarbe.catedu.es\/wp-content\/uploads\/sites\/289\/2023\/02\/IMG_20230207_101906-2-1331x1536.jpg 1331w, https:\/\/iessobrarbe.catedu.es\/wp-content\/uploads\/sites\/289\/2023\/02\/IMG_20230207_101906-2-1775x2048.jpg 1775w\" sizes=\"auto, (max-width: 887px) 100vw, 887px\" \/><\/a><figcaption class=\"wp-element-caption\">4\u00ba ESO: LA PAZ COMIENZA CON UNA SONRISA<\/figcaption><\/figure>\n\n\n\n<figure class=\"wp-block-image size-large\"><a href=\"https:\/\/iessobrarbe.catedu.es\/wp-content\/uploads\/sites\/289\/2023\/02\/IMG_20230207_101830-1-scaled.jpg\"><img loading=\"lazy\" decoding=\"async\" width=\"1024\" height=\"581\" data-id=\"5620\" src=\"https:\/\/iessobrarbe.catedu.es\/wp-content\/uploads\/sites\/289\/2023\/02\/IMG_20230207_101830-1-1024x581.jpg\" alt=\"\" class=\"wp-image-5620\" srcset=\"https:\/\/iessobrarbe.catedu.es\/wp-content\/uploads\/sites\/289\/2023\/02\/IMG_20230207_101830-1-1024x581.jpg 1024w, https:\/\/iessobrarbe.catedu.es\/wp-content\/uploads\/sites\/289\/2023\/02\/IMG_20230207_101830-1-300x170.jpg 300w, https:\/\/iessobrarbe.catedu.es\/wp-content\/uploads\/sites\/289\/2023\/02\/IMG_20230207_101830-1-768x436.jpg 768w, https:\/\/iessobrarbe.catedu.es\/wp-content\/uploads\/sites\/289\/2023\/02\/IMG_20230207_101830-1-1536x871.jpg 1536w, https:\/\/iessobrarbe.catedu.es\/wp-content\/uploads\/sites\/289\/2023\/02\/IMG_20230207_101830-1-2048x1162.jpg 2048w\" sizes=\"auto, (max-width: 1024px) 100vw, 1024px\" \/><\/a><figcaption class=\"wp-element-caption\">2\u00ba ESO: LA PAZ ES EL CAMINO QUE TENEMOS QUE HACER ENTRE TODOS<\/figcaption><\/figure>\n<\/figure>\n\n\n\n<p>Pa commemorar o d\u00eda d&#8217;a Paz (30 de chiner), l&#8217;equipo de convivencia, en colaboraci\u00f3n con l&#8217;alumnnau d&#8217;o IES Sobrarbe, han feito uns murals que se troban exposaus en os corredors d&#8217;o centro en os diferents libels d&#8217;a ESo.<\/p>\n\n\n\n<p>O lema d&#8217;os murals son os siguients:<\/p>\n\n\n\n<ul class=\"wp-block-list\">\n<li>1\u00ba ESO: A paz ye en as nuestras mans<\/li>\n\n\n\n<li>2\u00ba ESO: A paz ye o cam\u00edn que hemos de fer entre totz<\/li>\n\n\n\n<li>3\u00ba ESO: Zarra os uellos e piensa en a Paz. \u00bfQu\u00e9 veyes?<\/li>\n\n\n\n<li>4\u00ba ESO: A paz prencipia con una sonrisa<\/li>\n<\/ul>\n","protected":false},"excerpt":{"rendered":"<p>D\u00eda de la PAZ Para conmemorar el d\u00eda de la Paz (30 de enero), el equipo de convivencia en colaboraci\u00f3n con el alumnado del IES Sobrarbe, han elaborado unos murales que se encuentran expuestos en los pasillos del centro en los diferentes niveles de la ESO.&nbsp; Los lemas de los murales son los siguientes: Pa [&hellip;]<\/p>\n","protected":false},"author":1275,"featured_media":0,"comment_status":"closed","ping_status":"open","sticky":false,"template":"","format":"standard","meta":{"_monsterinsights_skip_tracking":false,"_monsterinsights_sitenote_active":false,"_monsterinsights_sitenote_note":"","_monsterinsights_sitenote_category":0,"footnotes":""},"categories":[22],"tags":[],"class_list":["post-5617","post","type-post","status-publish","format-standard","hentry","category-inicio"],"_links":{"self":[{"href":"https:\/\/iessobrarbe.catedu.es\/index.php?rest_route=\/wp\/v2\/posts\/5617","targetHints":{"allow":["GET"]}}],"collection":[{"href":"https:\/\/iessobrarbe.catedu.es\/index.php?rest_route=\/wp\/v2\/posts"}],"about":[{"href":"https:\/\/iessobrarbe.catedu.es\/index.php?rest_route=\/wp\/v2\/types\/post"}],"author":[{"embeddable":true,"href":"https:\/\/iessobrarbe.catedu.es\/index.php?rest_route=\/wp\/v2\/users\/1275"}],"replies":[{"embeddable":true,"href":"https:\/\/iessobrarbe.catedu.es\/index.php?rest_route=%2Fwp%2Fv2%2Fcomments&post=5617"}],"version-history":[{"count":6,"href":"https:\/\/iessobrarbe.catedu.es\/index.php?rest_route=\/wp\/v2\/posts\/5617\/revisions"}],"predecessor-version":[{"id":5636,"href":"https:\/\/iessobrarbe.catedu.es\/index.php?rest_route=\/wp\/v2\/posts\/5617\/revisions\/5636"}],"wp:attachment":[{"href":"https:\/\/iessobrarbe.catedu.es\/index.php?rest_route=%2Fwp%2Fv2%2Fmedia&parent=5617"}],"wp:term":[{"taxonomy":"category","embeddable":true,"href":"https:\/\/iessobrarbe.catedu.es\/index.php?rest_route=%2Fwp%2Fv2%2Fcategories&post=5617"},{"taxonomy":"post_tag","embeddable":true,"href":"https:\/\/iessobrarbe.catedu.es\/index.php?rest_route=%2Fwp%2Fv2%2Ftags&post=5617"}],"curies":[{"name":"wp","href":"https:\/\/api.w.org\/{rel}","templated":true}]}}